{"id":9857,"date":"2020-09-30T08:15:19","date_gmt":"2020-09-30T06:15:19","guid":{"rendered":"https:\/\/aritco.kumpan.dev\/?post_type=blogpost&#038;p=9857"},"modified":"2023-06-15T14:09:46","modified_gmt":"2023-06-15T12:09:46","slug":"blickfanget-i-din-villahiss-av-rikard-lilja","status":"publish","type":"blogpost","link":"https:\/\/www.aritco.com\/sv\/blog\/blickfanget-i-din-villahiss-av-rikard-lilja\/","title":{"rendered":"Blickf\u00e5nget i din villahiss &#8211; av Rikard Lilja"},"content":{"rendered":"","protected":false},"author":25,"featured_media":8770,"template":"","class_list":["post-9857","blogpost","type-blogpost","status-publish","has-post-thumbnail","hentry"],"acf":[],"yoast_head":"<!-- This site is optimized with the Yoast SEO Premium plugin v26.6 (Yoast SEO v26.6) - https:\/\/yoast.com\/wordpress\/plugins\/seo\/ -->\n<title>Blickf\u00e5nget i din villahiss - av Rikard Lilja - Aritco<\/title>\n<meta name=\"description\" content=\"Intervjuserie med skaparna till Aritco DesignWall. H\u00e4r m\u00f6ter du Rikard Lilja som har designat en av de nio DesignWalls. L\u00e4s mer h\u00e4r\" \/>\n<meta name=\"robots\" content=\"index, follow, max-snippet:-1, max-image-preview:large, max-video-preview:-1\" \/>\n<link rel=\"canonical\" href=\"https:\/\/www.aritco.com\/sv\/blog\/blickfanget-i-din-villahiss-av-rikard-lilja\/\" \/>\n<meta property=\"og:locale\" content=\"sv_SE\" \/>\n<meta property=\"og:type\" content=\"article\" \/>\n<meta property=\"og:title\" content=\"Blickf\u00e5nget i din villahiss - av Rikard Lilja\" \/>\n<meta property=\"og:description\" content=\"Intervjuserie med skaparna till Aritco DesignWall. H\u00e4r m\u00f6ter du Rikard Lilja som har designat en av de nio DesignWalls. L\u00e4s mer h\u00e4r\" \/>\n<meta property=\"og:url\" content=\"https:\/\/www.aritco.com\/sv\/blog\/blickfanget-i-din-villahiss-av-rikard-lilja\/\" \/>\n<meta property=\"og:site_name\" content=\"Aritco\" \/>\n<meta property=\"article:modified_time\" content=\"2023-06-15T12:09:46+00:00\" \/>\n<meta property=\"og:image\" content=\"https:\/\/www.aritco.com\/wp-content\/uploads\/2020\/06\/DesignWall_1000x1000_Sheets.jpg\" \/>\n\t<meta property=\"og:image:width\" content=\"1000\" \/>\n\t<meta property=\"og:image:height\" content=\"1000\" \/>\n\t<meta property=\"og:image:type\" content=\"image\/jpeg\" \/>\n<meta name=\"twitter:card\" content=\"summary_large_image\" \/>\n<script type=\"application\/ld+json\" class=\"yoast-schema-graph\">{\"@context\":\"https:\/\/schema.org\",\"@graph\":[{\"@type\":\"WebPage\",\"@id\":\"https:\/\/www.aritco.com\/sv\/blog\/blickfanget-i-din-villahiss-av-rikard-lilja\/\",\"url\":\"https:\/\/www.aritco.com\/sv\/blog\/blickfanget-i-din-villahiss-av-rikard-lilja\/\",\"name\":\"Blickf\u00e5nget i din villahiss - av Rikard Lilja - Aritco\",\"isPartOf\":{\"@id\":\"https:\/\/www.aritco.com\/sv\/#website\"},\"primaryImageOfPage\":{\"@id\":\"https:\/\/www.aritco.com\/sv\/blog\/blickfanget-i-din-villahiss-av-rikard-lilja\/#primaryimage\"},\"image\":{\"@id\":\"https:\/\/www.aritco.com\/sv\/blog\/blickfanget-i-din-villahiss-av-rikard-lilja\/#primaryimage\"},\"thumbnailUrl\":\"https:\/\/www.aritco.com\/wp-content\/uploads\/2020\/06\/DesignWall_1000x1000_Sheets.jpg\",\"datePublished\":\"2020-09-30T06:15:19+00:00\",\"dateModified\":\"2023-06-15T12:09:46+00:00\",\"description\":\"Intervjuserie med skaparna till Aritco DesignWall. H\u00e4r m\u00f6ter du Rikard Lilja som har designat en av de nio DesignWalls. L\u00e4s mer h\u00e4r\",\"inLanguage\":\"sv-SE\",\"potentialAction\":[{\"@type\":\"ReadAction\",\"target\":[\"https:\/\/www.aritco.com\/sv\/blog\/blickfanget-i-din-villahiss-av-rikard-lilja\/\"]}]},{\"@type\":\"ImageObject\",\"inLanguage\":\"sv-SE\",\"@id\":\"https:\/\/www.aritco.com\/sv\/blog\/blickfanget-i-din-villahiss-av-rikard-lilja\/#primaryimage\",\"url\":\"https:\/\/www.aritco.com\/wp-content\/uploads\/2020\/06\/DesignWall_1000x1000_Sheets.jpg\",\"contentUrl\":\"https:\/\/www.aritco.com\/wp-content\/uploads\/2020\/06\/DesignWall_1000x1000_Sheets.jpg\",\"width\":1000,\"height\":1000,\"caption\":\"DesignWall with white sheets for the Aritco HomeLift\"},{\"@type\":\"WebSite\",\"@id\":\"https:\/\/www.aritco.com\/sv\/#website\",\"url\":\"https:\/\/www.aritco.com\/sv\/\",\"name\":\"Aritco\",\"description\":\"Award-winning lifts for homes and public and commercial use\",\"publisher\":{\"@id\":\"https:\/\/www.aritco.com\/sv\/#organization\"},\"potentialAction\":[{\"@type\":\"SearchAction\",\"target\":{\"@type\":\"EntryPoint\",\"urlTemplate\":\"https:\/\/www.aritco.com\/sv\/?s={search_term_string}\"},\"query-input\":{\"@type\":\"PropertyValueSpecification\",\"valueRequired\":true,\"valueName\":\"search_term_string\"}}],\"inLanguage\":\"sv-SE\"},{\"@type\":\"Organization\",\"@id\":\"https:\/\/www.aritco.com\/sv\/#organization\",\"name\":\"Aritco\",\"url\":\"https:\/\/www.aritco.com\/sv\/\",\"logo\":{\"@type\":\"ImageObject\",\"inLanguage\":\"sv-SE\",\"@id\":\"https:\/\/www.aritco.com\/sv\/#\/schema\/logo\/image\/\",\"url\":\"https:\/\/www.aritco.com\/wp-content\/uploads\/2019\/05\/vertical-3.svg\",\"contentUrl\":\"https:\/\/www.aritco.com\/wp-content\/uploads\/2019\/05\/vertical-3.svg\",\"width\":1,\"height\":1,\"caption\":\"Aritco\"},\"image\":{\"@id\":\"https:\/\/www.aritco.com\/sv\/#\/schema\/logo\/image\/\"},\"publishingPrinciples\":\"https:\/\/www.aritco.com\/about-aritco\/\"}]}<\/script>\n<!-- \/ Yoast SEO Premium plugin. -->","yoast_head_json":{"title":"Blickf\u00e5nget i din villahiss - av Rikard Lilja - Aritco","description":"Intervjuserie med skaparna till Aritco DesignWall. H\u00e4r m\u00f6ter du Rikard Lilja som har designat en av de nio DesignWalls. L\u00e4s mer h\u00e4r","robots":{"index":"index","follow":"follow","max-snippet":"max-snippet:-1","max-image-preview":"max-image-preview:large","max-video-preview":"max-video-preview:-1"},"canonical":"https:\/\/www.aritco.com\/sv\/blog\/blickfanget-i-din-villahiss-av-rikard-lilja\/","og_locale":"sv_SE","og_type":"article","og_title":"Blickf\u00e5nget i din villahiss - av Rikard Lilja","og_description":"Intervjuserie med skaparna till Aritco DesignWall. H\u00e4r m\u00f6ter du Rikard Lilja som har designat en av de nio DesignWalls. L\u00e4s mer h\u00e4r","og_url":"https:\/\/www.aritco.com\/sv\/blog\/blickfanget-i-din-villahiss-av-rikard-lilja\/","og_site_name":"Aritco","article_modified_time":"2023-06-15T12:09:46+00:00","og_image":[{"width":1000,"height":1000,"url":"https:\/\/www.aritco.com\/wp-content\/uploads\/2020\/06\/DesignWall_1000x1000_Sheets.jpg","type":"image\/jpeg"}],"twitter_card":"summary_large_image","schema":{"@context":"https:\/\/schema.org","@graph":[{"@type":"WebPage","@id":"https:\/\/www.aritco.com\/sv\/blog\/blickfanget-i-din-villahiss-av-rikard-lilja\/","url":"https:\/\/www.aritco.com\/sv\/blog\/blickfanget-i-din-villahiss-av-rikard-lilja\/","name":"Blickf\u00e5nget i din villahiss - av Rikard Lilja - Aritco","isPartOf":{"@id":"https:\/\/www.aritco.com\/sv\/#website"},"primaryImageOfPage":{"@id":"https:\/\/www.aritco.com\/sv\/blog\/blickfanget-i-din-villahiss-av-rikard-lilja\/#primaryimage"},"image":{"@id":"https:\/\/www.aritco.com\/sv\/blog\/blickfanget-i-din-villahiss-av-rikard-lilja\/#primaryimage"},"thumbnailUrl":"https:\/\/www.aritco.com\/wp-content\/uploads\/2020\/06\/DesignWall_1000x1000_Sheets.jpg","datePublished":"2020-09-30T06:15:19+00:00","dateModified":"2023-06-15T12:09:46+00:00","description":"Intervjuserie med skaparna till Aritco DesignWall. H\u00e4r m\u00f6ter du Rikard Lilja som har designat en av de nio DesignWalls. L\u00e4s mer h\u00e4r","inLanguage":"sv-SE","potentialAction":[{"@type":"ReadAction","target":["https:\/\/www.aritco.com\/sv\/blog\/blickfanget-i-din-villahiss-av-rikard-lilja\/"]}]},{"@type":"ImageObject","inLanguage":"sv-SE","@id":"https:\/\/www.aritco.com\/sv\/blog\/blickfanget-i-din-villahiss-av-rikard-lilja\/#primaryimage","url":"https:\/\/www.aritco.com\/wp-content\/uploads\/2020\/06\/DesignWall_1000x1000_Sheets.jpg","contentUrl":"https:\/\/www.aritco.com\/wp-content\/uploads\/2020\/06\/DesignWall_1000x1000_Sheets.jpg","width":1000,"height":1000,"caption":"DesignWall with white sheets for the Aritco HomeLift"},{"@type":"WebSite","@id":"https:\/\/www.aritco.com\/sv\/#website","url":"https:\/\/www.aritco.com\/sv\/","name":"Aritco","description":"Award-winning lifts for homes and public and commercial use","publisher":{"@id":"https:\/\/www.aritco.com\/sv\/#organization"},"potentialAction":[{"@type":"SearchAction","target":{"@type":"EntryPoint","urlTemplate":"https:\/\/www.aritco.com\/sv\/?s={search_term_string}"},"query-input":{"@type":"PropertyValueSpecification","valueRequired":true,"valueName":"search_term_string"}}],"inLanguage":"sv-SE"},{"@type":"Organization","@id":"https:\/\/www.aritco.com\/sv\/#organization","name":"Aritco","url":"https:\/\/www.aritco.com\/sv\/","logo":{"@type":"ImageObject","inLanguage":"sv-SE","@id":"https:\/\/www.aritco.com\/sv\/#\/schema\/logo\/image\/","url":"https:\/\/www.aritco.com\/wp-content\/uploads\/2019\/05\/vertical-3.svg","contentUrl":"https:\/\/www.aritco.com\/wp-content\/uploads\/2019\/05\/vertical-3.svg","width":1,"height":1,"caption":"Aritco"},"image":{"@id":"https:\/\/www.aritco.com\/sv\/#\/schema\/logo\/image\/"},"publishingPrinciples":"https:\/\/www.aritco.com\/about-aritco\/"}]}},"_links":{"self":[{"href":"https:\/\/www.aritco.com\/sv\/wp-json\/wp\/v2\/blogpost\/9857","targetHints":{"allow":["GET"]}}],"collection":[{"href":"https:\/\/www.aritco.com\/sv\/wp-json\/wp\/v2\/blogpost"}],"about":[{"href":"https:\/\/www.aritco.com\/sv\/wp-json\/wp\/v2\/types\/blogpost"}],"author":[{"embeddable":true,"href":"https:\/\/www.aritco.com\/sv\/wp-json\/wp\/v2\/users\/25"}],"wp:featuredmedia":[{"embeddable":true,"href":"https:\/\/www.aritco.com\/sv\/wp-json\/wp\/v2\/media\/8770"}],"wp:attachment":[{"href":"https:\/\/www.aritco.com\/sv\/wp-json\/wp\/v2\/media?parent=9857"}],"curies":[{"name":"wp","href":"https:\/\/api.w.org\/{rel}","templated":true}]}}